{"id":736,"date":"2024-04-24T09:45:02","date_gmt":"2024-04-24T09:45:02","guid":{"rendered":"https:\/\/www.coronasadvocats.com\/?p=736"},"modified":"2026-04-13T16:08:56","modified_gmt":"2026-04-13T16:08:56","slug":"luis-coronas","status":"publish","type":"post","link":"https:\/\/www.coronasadvocats.com\/en\/luis-coronas\/","title":{"rendered":"In memoriam: Luis Coronas Guinart"},"content":{"rendered":"<p><span style=\"text-decoration: underline;\"><strong><em>In memoriam<\/em>: Luis Coronas Guinart<\/strong><\/span><\/p>\n<p>El pasado d\u00eda 16 de marzo de 2024 falleci\u00f3 nuestro querido compa\u00f1ero, maestro y director de la firma, Don Luis Coronas Guinart, a la edad de los 56 a\u00f1os. El legado que nos deja es inolvidable y perdurar\u00e1 para siempre en nuestros corazones. El siguiente obituario, publicado en La Vanguardia el 19 de marzo de 2024, describe a la perfecci\u00f3n la forma en que Luis viv\u00eda la profesi\u00f3n y la vida:<\/p>\n<p>&nbsp;<\/p>\n<p><iframe loading=\"lazy\" src=\"https:\/\/www.coronasadvocats.com\/wp-content\/uploads\/2024\/04\/La-Vanguardia2.pdf\" width=\"100%\" height=\"1200px\"><\/iframe><\/p>","protected":false},"excerpt":{"rendered":"<p>In memoriam: Luis Coronas Guinart El pasado d\u00eda 16 de marzo de 2024 falleci\u00f3 nuestro querido compa\u00f1ero, maestro y director de la firma, Don Luis Coronas Guinart, a la edad de los 56 a\u00f1os. El legado que nos deja es inolvidable y perdurar\u00e1 para siempre en nuestros corazones. El siguiente obituario, publicado en La Vanguardia&#8230;<\/p>","protected":false},"author":2,"featured_media":748,"comment_status":"closed","ping_status":"closed","sticky":false,"template":"","format":"standard","meta":{"_mi_skip_tracking":false},"categories":[3,6],"tags":[],"_links":{"self":[{"href":"https:\/\/www.coronasadvocats.com\/en\/wp-json\/wp\/v2\/posts\/736"}],"collection":[{"href":"https:\/\/www.coronasadvocats.com\/en\/wp-json\/wp\/v2\/posts"}],"about":[{"href":"https:\/\/www.coronasadvocats.com\/en\/wp-json\/wp\/v2\/types\/post"}],"author":[{"embeddable":true,"href":"https:\/\/www.coronasadvocats.com\/en\/wp-json\/wp\/v2\/users\/2"}],"replies":[{"embeddable":true,"href":"https:\/\/www.coronasadvocats.com\/en\/wp-json\/wp\/v2\/comments?post=736"}],"version-history":[{"count":9,"href":"https:\/\/www.coronasadvocats.com\/en\/wp-json\/wp\/v2\/posts\/736\/revisions"}],"predecessor-version":[{"id":760,"href":"https:\/\/www.coronasadvocats.com\/en\/wp-json\/wp\/v2\/posts\/736\/revisions\/760"}],"wp:featuredmedia":[{"embeddable":true,"href":"https:\/\/www.coronasadvocats.com\/en\/wp-json\/wp\/v2\/media\/748"}],"wp:attachment":[{"href":"https:\/\/www.coronasadvocats.com\/en\/wp-json\/wp\/v2\/media?parent=736"}],"wp:term":[{"taxonomy":"category","embeddable":true,"href":"https:\/\/www.coronasadvocats.com\/en\/wp-json\/wp\/v2\/categories?post=736"},{"taxonomy":"post_tag","embeddable":true,"href":"https:\/\/www.coronasadvocats.com\/en\/wp-json\/wp\/v2\/tags?post=736"}],"curies":[{"name":"wp","href":"https:\/\/api.w.org\/{rel}","templated":true}]}}